{"id":38517,"date":"2024-02-08T15:03:00","date_gmt":"2024-02-08T14:03:00","guid":{"rendered":"https:\/\/www.casaluminium.com\/de\/?p=38517"},"modified":"2024-05-31T06:48:49","modified_gmt":"2024-05-31T04:48:49","slug":"casal-aluminium-wird-vom-19-bis-21-juni-2024-auf-der-intersolar-in-muenchen-vertreten-sein","status":"publish","type":"post","link":"https:\/\/www.casaluminium.com\/de\/blog\/2024\/02\/08\/casal-aluminium-wird-vom-19-bis-21-juni-2024-auf-der-intersolar-in-muenchen-vertreten-sein\/","title":{"rendered":"Casal aluminium wird vom 19. bis 21. Juni 2024 auf der InterSolar in M\u00fcnchen vertreten sein"},"content":{"rendered":"\r\n<p><strong>Casal Aluminium<\/strong> nimmt an der <strong>B2B <\/strong>Messe <a href=\"https:\/\/www.intersolar.de\/home\" target=\"_blank\" rel=\"noopener\">Intersolar<\/a> teil, die vom <strong>19. bis 21. Juni 2024<\/strong> im Kongresszentrum in stattfindet <strong>Monaco, Germania.<\/strong><\/p>\r\n\r\n\r\n\r\n<p><strong>Die Intersolar<\/strong> Europe ist die<strong> gr\u00f6\u00dfte internationale<\/strong> Fachmesse f\u00fcr die gesamte <strong>Solarbranche, die<\/strong> Unternehmen aus aller Welt mit dem Ziel vereint, der Solarenergie mehr Platz unter den Quellen der globalen Energieversorgung zu verschaffen.<\/p>\r\n\r\n\r\n\r\n<p><strong>Stand: <\/strong>A6.530<\/p>\r\n\r\n\r\n\r\n<figure class=\"wp-block-image size-full is-resized\"><img fetchpriority=\"high\" decoding=\"async\" width=\"936\" height=\"120\" class=\"wp-image-38518\" style=\"width: 841px; height: auto;\" src=\"https:\/\/www.casaluminium.com\/de\/wp-content\/uploads\/sites\/3\/2024\/04\/TSEE2023_Banner_EstralSPA_de_1.jpg\" alt=\"\" srcset=\"https:\/\/www.casaluminium.com\/de\/wp-content\/uploads\/sites\/3\/2024\/04\/TSEE2023_Banner_EstralSPA_de_1.jpg 936w, https:\/\/www.casaluminium.com\/de\/wp-content\/uploads\/sites\/3\/2024\/04\/TSEE2023_Banner_EstralSPA_de_1-300x38.jpg 300w, https:\/\/www.casaluminium.com\/de\/wp-content\/uploads\/sites\/3\/2024\/04\/TSEE2023_Banner_EstralSPA_de_1-768x98.jpg 768w, https:\/\/www.casaluminium.com\/de\/wp-content\/uploads\/sites\/3\/2024\/04\/TSEE2023_Banner_EstralSPA_de_1-370x47.jpg 370w, https:\/\/www.casaluminium.com\/de\/wp-content\/uploads\/sites\/3\/2024\/04\/TSEE2023_Banner_EstralSPA_de_1-840x108.jpg 840w, https:\/\/www.casaluminium.com\/de\/wp-content\/uploads\/sites\/3\/2024\/04\/TSEE2023_Banner_EstralSPA_de_1-410x53.jpg 410w\" sizes=\"(max-width: 936px) 100vw, 936px\" \/><\/figure>\r\n\r\n\r\n\r\n<div class=\"wp-block-spacer\" style=\"height: 20px;\" aria-hidden=\"true\">\u00a0<\/div>\r\n","protected":false},"excerpt":{"rendered":"<p>Casal Aluminium nimmt an der B2B Messe Intersolar teil, die vom 19. bis 21. Juni 2024 im Kongresszentrum in stattfindet Monaco, Germania. Die Intersolar Europe ist die gr\u00f6\u00dfte internationale Fachmesse f\u00fcr die gesamte Solarbranche, die Unternehmen aus aller Welt mit dem Ziel vereint, der Solarenergie mehr Platz unter den Quellen der globalen Energieversorgung zu verschaffen. Stand: A6.530<\/p>\n","protected":false},"author":1,"featured_media":38520,"comment_status":"open","ping_status":"open","sticky":false,"template":"","format":"standard","meta":{"_acf_changed":false,"footnotes":""},"categories":[226,1],"tags":[],"class_list":["post-38517","post","type-post","status-publish","format-standard","has-post-thumbnail","hentry","category-fiere","category-comunicazioni"],"acf":[],"yoast_head":"<!-- This site is optimized with the Yoast SEO plugin v22.8 - https:\/\/yoast.com\/wordpress\/plugins\/seo\/ -->\n<title>Casal aluminium wird vom 19. bis 21. Juni 2024 auf der InterSolar in M\u00fcnchen vertreten sein - Casal Alumunium DE<\/title>\n<meta name=\"robots\" content=\"index, follow, max-snippet:-1, max-image-preview:large, max-video-preview:-1\" \/>\n<link rel=\"canonical\" href=\"https:\/\/www.casaluminium.com\/de\/blog\/2024\/02\/08\/casal-aluminium-wird-vom-19-bis-21-juni-2024-auf-der-intersolar-in-muenchen-vertreten-sein\/\" \/>\n<meta property=\"og:locale\" content=\"de_DE\" \/>\n<meta property=\"og:type\" content=\"article\" \/>\n<meta property=\"og:title\" content=\"Casal aluminium wird vom 19. bis 21. Juni 2024 auf der InterSolar in M\u00fcnchen vertreten sein - Casal Alumunium DE\" \/>\n<meta property=\"og:description\" content=\"Casal Aluminium nimmt an der B2B Messe Intersolar teil, die vom 19. bis 21. Juni 2024 im Kongresszentrum in stattfindet Monaco, Germania. Die Intersolar Europe ist die gr\u00f6\u00dfte internationale Fachmesse f\u00fcr die gesamte Solarbranche, die Unternehmen aus aller Welt mit dem Ziel vereint, der Solarenergie mehr Platz unter den Quellen der globalen Energieversorgung zu verschaffen. Stand: A6.530\" \/>\n<meta property=\"og:url\" content=\"https:\/\/www.casaluminium.com\/de\/blog\/2024\/02\/08\/casal-aluminium-wird-vom-19-bis-21-juni-2024-auf-der-intersolar-in-muenchen-vertreten-sein\/\" \/>\n<meta property=\"og:site_name\" content=\"Casal Alumunium DE\" \/>\n<meta property=\"article:published_time\" content=\"2024-02-08T14:03:00+00:00\" \/>\n<meta property=\"article:modified_time\" content=\"2024-05-31T04:48:49+00:00\" \/>\n<meta property=\"og:image\" content=\"https:\/\/www.casaluminium.com\/de\/wp-content\/uploads\/sites\/3\/2024\/04\/inter-solar.jpg\" \/>\n\t<meta property=\"og:image:width\" content=\"1000\" \/>\n\t<meta property=\"og:image:height\" content=\"561\" \/>\n\t<meta property=\"og:image:type\" content=\"image\/jpeg\" \/>\n<meta name=\"author\" content=\"Developer\" \/>\n<meta name=\"twitter:card\" content=\"summary_large_image\" \/>\n<meta name=\"twitter:label1\" content=\"Verfasst von\" \/>\n\t<meta name=\"twitter:data1\" content=\"Developer\" \/>\n<script type=\"application\/ld+json\" class=\"yoast-schema-graph\">{\"@context\":\"https:\/\/schema.org\",\"@graph\":[{\"@type\":\"WebPage\",\"@id\":\"https:\/\/www.casaluminium.com\/de\/blog\/2024\/02\/08\/casal-aluminium-wird-vom-19-bis-21-juni-2024-auf-der-intersolar-in-muenchen-vertreten-sein\/\",\"url\":\"https:\/\/www.casaluminium.com\/de\/blog\/2024\/02\/08\/casal-aluminium-wird-vom-19-bis-21-juni-2024-auf-der-intersolar-in-muenchen-vertreten-sein\/\",\"name\":\"Casal aluminium wird vom 19. bis 21. Juni 2024 auf der InterSolar in M\u00fcnchen vertreten sein - Casal Alumunium DE\",\"isPartOf\":{\"@id\":\"https:\/\/www.casaluminium.com\/de\/#website\"},\"primaryImageOfPage\":{\"@id\":\"https:\/\/www.casaluminium.com\/de\/blog\/2024\/02\/08\/casal-aluminium-wird-vom-19-bis-21-juni-2024-auf-der-intersolar-in-muenchen-vertreten-sein\/#primaryimage\"},\"image\":{\"@id\":\"https:\/\/www.casaluminium.com\/de\/blog\/2024\/02\/08\/casal-aluminium-wird-vom-19-bis-21-juni-2024-auf-der-intersolar-in-muenchen-vertreten-sein\/#primaryimage\"},\"thumbnailUrl\":\"https:\/\/www.casaluminium.com\/de\/wp-content\/uploads\/sites\/3\/2024\/04\/inter-solar.jpg\",\"datePublished\":\"2024-02-08T14:03:00+00:00\",\"dateModified\":\"2024-05-31T04:48:49+00:00\",\"author\":{\"@id\":\"https:\/\/www.casaluminium.com\/de\/#\/schema\/person\/a029853b46a9b26d7a9d562bde4ba780\"},\"breadcrumb\":{\"@id\":\"https:\/\/www.casaluminium.com\/de\/blog\/2024\/02\/08\/casal-aluminium-wird-vom-19-bis-21-juni-2024-auf-der-intersolar-in-muenchen-vertreten-sein\/#breadcrumb\"},\"inLanguage\":\"de\",\"potentialAction\":[{\"@type\":\"ReadAction\",\"target\":[\"https:\/\/www.casaluminium.com\/de\/blog\/2024\/02\/08\/casal-aluminium-wird-vom-19-bis-21-juni-2024-auf-der-intersolar-in-muenchen-vertreten-sein\/\"]}]},{\"@type\":\"ImageObject\",\"inLanguage\":\"de\",\"@id\":\"https:\/\/www.casaluminium.com\/de\/blog\/2024\/02\/08\/casal-aluminium-wird-vom-19-bis-21-juni-2024-auf-der-intersolar-in-muenchen-vertreten-sein\/#primaryimage\",\"url\":\"https:\/\/www.casaluminium.com\/de\/wp-content\/uploads\/sites\/3\/2024\/04\/inter-solar.jpg\",\"contentUrl\":\"https:\/\/www.casaluminium.com\/de\/wp-content\/uploads\/sites\/3\/2024\/04\/inter-solar.jpg\",\"width\":1000,\"height\":561,\"caption\":\"xr:d:DAGCTIBz9Jo:7,j:836968373391219013,t:24041313\"},{\"@type\":\"BreadcrumbList\",\"@id\":\"https:\/\/www.casaluminium.com\/de\/blog\/2024\/02\/08\/casal-aluminium-wird-vom-19-bis-21-juni-2024-auf-der-intersolar-in-muenchen-vertreten-sein\/#breadcrumb\",\"itemListElement\":[{\"@type\":\"ListItem\",\"position\":1,\"name\":\"Home\",\"item\":\"https:\/\/www.casaluminium.com\/de\/\"},{\"@type\":\"ListItem\",\"position\":2,\"name\":\"Casal aluminium wird vom 19. bis 21. Juni 2024 auf der InterSolar in M\u00fcnchen vertreten sein\"}]},{\"@type\":\"WebSite\",\"@id\":\"https:\/\/www.casaluminium.com\/de\/#website\",\"url\":\"https:\/\/www.casaluminium.com\/de\/\",\"name\":\"Casal Alumunium DE\",\"description\":\"Estrusi in Alluminio | Casal Aluminium\",\"potentialAction\":[{\"@type\":\"SearchAction\",\"target\":{\"@type\":\"EntryPoint\",\"urlTemplate\":\"https:\/\/www.casaluminium.com\/de\/?s={search_term_string}\"},\"query-input\":\"required name=search_term_string\"}],\"inLanguage\":\"de\"},{\"@type\":\"Person\",\"@id\":\"https:\/\/www.casaluminium.com\/de\/#\/schema\/person\/a029853b46a9b26d7a9d562bde4ba780\",\"name\":\"Developer\",\"image\":{\"@type\":\"ImageObject\",\"inLanguage\":\"de\",\"@id\":\"https:\/\/www.casaluminium.com\/de\/#\/schema\/person\/image\/\",\"url\":\"https:\/\/secure.gravatar.com\/avatar\/65d9b30d31695924aaa70eb7e1416a3c?s=96&d=mm&r=g\",\"contentUrl\":\"https:\/\/secure.gravatar.com\/avatar\/65d9b30d31695924aaa70eb7e1416a3c?s=96&d=mm&r=g\",\"caption\":\"Developer\"},\"sameAs\":[\"http:\/\/www.casaluminium.com\"],\"url\":\"https:\/\/www.casaluminium.com\/de\/blog\/author\/developer\/\"}]}<\/script>\n<!-- \/ Yoast SEO plugin. -->","yoast_head_json":{"title":"Casal aluminium wird vom 19. bis 21. Juni 2024 auf der InterSolar in M\u00fcnchen vertreten sein - Casal Alumunium DE","robots":{"index":"index","follow":"follow","max-snippet":"max-snippet:-1","max-image-preview":"max-image-preview:large","max-video-preview":"max-video-preview:-1"},"canonical":"https:\/\/www.casaluminium.com\/de\/blog\/2024\/02\/08\/casal-aluminium-wird-vom-19-bis-21-juni-2024-auf-der-intersolar-in-muenchen-vertreten-sein\/","og_locale":"de_DE","og_type":"article","og_title":"Casal aluminium wird vom 19. bis 21. Juni 2024 auf der InterSolar in M\u00fcnchen vertreten sein - Casal Alumunium DE","og_description":"Casal Aluminium nimmt an der B2B Messe Intersolar teil, die vom 19. bis 21. Juni 2024 im Kongresszentrum in stattfindet Monaco, Germania. Die Intersolar Europe ist die gr\u00f6\u00dfte internationale Fachmesse f\u00fcr die gesamte Solarbranche, die Unternehmen aus aller Welt mit dem Ziel vereint, der Solarenergie mehr Platz unter den Quellen der globalen Energieversorgung zu verschaffen. Stand: A6.530","og_url":"https:\/\/www.casaluminium.com\/de\/blog\/2024\/02\/08\/casal-aluminium-wird-vom-19-bis-21-juni-2024-auf-der-intersolar-in-muenchen-vertreten-sein\/","og_site_name":"Casal Alumunium DE","article_published_time":"2024-02-08T14:03:00+00:00","article_modified_time":"2024-05-31T04:48:49+00:00","og_image":[{"width":1000,"height":561,"url":"https:\/\/www.casaluminium.com\/de\/wp-content\/uploads\/sites\/3\/2024\/04\/inter-solar.jpg","type":"image\/jpeg"}],"author":"Developer","twitter_card":"summary_large_image","twitter_misc":{"Verfasst von":"Developer"},"schema":{"@context":"https:\/\/schema.org","@graph":[{"@type":"WebPage","@id":"https:\/\/www.casaluminium.com\/de\/blog\/2024\/02\/08\/casal-aluminium-wird-vom-19-bis-21-juni-2024-auf-der-intersolar-in-muenchen-vertreten-sein\/","url":"https:\/\/www.casaluminium.com\/de\/blog\/2024\/02\/08\/casal-aluminium-wird-vom-19-bis-21-juni-2024-auf-der-intersolar-in-muenchen-vertreten-sein\/","name":"Casal aluminium wird vom 19. bis 21. Juni 2024 auf der InterSolar in M\u00fcnchen vertreten sein - Casal Alumunium DE","isPartOf":{"@id":"https:\/\/www.casaluminium.com\/de\/#website"},"primaryImageOfPage":{"@id":"https:\/\/www.casaluminium.com\/de\/blog\/2024\/02\/08\/casal-aluminium-wird-vom-19-bis-21-juni-2024-auf-der-intersolar-in-muenchen-vertreten-sein\/#primaryimage"},"image":{"@id":"https:\/\/www.casaluminium.com\/de\/blog\/2024\/02\/08\/casal-aluminium-wird-vom-19-bis-21-juni-2024-auf-der-intersolar-in-muenchen-vertreten-sein\/#primaryimage"},"thumbnailUrl":"https:\/\/www.casaluminium.com\/de\/wp-content\/uploads\/sites\/3\/2024\/04\/inter-solar.jpg","datePublished":"2024-02-08T14:03:00+00:00","dateModified":"2024-05-31T04:48:49+00:00","author":{"@id":"https:\/\/www.casaluminium.com\/de\/#\/schema\/person\/a029853b46a9b26d7a9d562bde4ba780"},"breadcrumb":{"@id":"https:\/\/www.casaluminium.com\/de\/blog\/2024\/02\/08\/casal-aluminium-wird-vom-19-bis-21-juni-2024-auf-der-intersolar-in-muenchen-vertreten-sein\/#breadcrumb"},"inLanguage":"de","potentialAction":[{"@type":"ReadAction","target":["https:\/\/www.casaluminium.com\/de\/blog\/2024\/02\/08\/casal-aluminium-wird-vom-19-bis-21-juni-2024-auf-der-intersolar-in-muenchen-vertreten-sein\/"]}]},{"@type":"ImageObject","inLanguage":"de","@id":"https:\/\/www.casaluminium.com\/de\/blog\/2024\/02\/08\/casal-aluminium-wird-vom-19-bis-21-juni-2024-auf-der-intersolar-in-muenchen-vertreten-sein\/#primaryimage","url":"https:\/\/www.casaluminium.com\/de\/wp-content\/uploads\/sites\/3\/2024\/04\/inter-solar.jpg","contentUrl":"https:\/\/www.casaluminium.com\/de\/wp-content\/uploads\/sites\/3\/2024\/04\/inter-solar.jpg","width":1000,"height":561,"caption":"xr:d:DAGCTIBz9Jo:7,j:836968373391219013,t:24041313"},{"@type":"BreadcrumbList","@id":"https:\/\/www.casaluminium.com\/de\/blog\/2024\/02\/08\/casal-aluminium-wird-vom-19-bis-21-juni-2024-auf-der-intersolar-in-muenchen-vertreten-sein\/#breadcrumb","itemListElement":[{"@type":"ListItem","position":1,"name":"Home","item":"https:\/\/www.casaluminium.com\/de\/"},{"@type":"ListItem","position":2,"name":"Casal aluminium wird vom 19. bis 21. Juni 2024 auf der InterSolar in M\u00fcnchen vertreten sein"}]},{"@type":"WebSite","@id":"https:\/\/www.casaluminium.com\/de\/#website","url":"https:\/\/www.casaluminium.com\/de\/","name":"Casal Alumunium DE","description":"Estrusi in Alluminio | Casal Aluminium","potentialAction":[{"@type":"SearchAction","target":{"@type":"EntryPoint","urlTemplate":"https:\/\/www.casaluminium.com\/de\/?s={search_term_string}"},"query-input":"required name=search_term_string"}],"inLanguage":"de"},{"@type":"Person","@id":"https:\/\/www.casaluminium.com\/de\/#\/schema\/person\/a029853b46a9b26d7a9d562bde4ba780","name":"Developer","image":{"@type":"ImageObject","inLanguage":"de","@id":"https:\/\/www.casaluminium.com\/de\/#\/schema\/person\/image\/","url":"https:\/\/secure.gravatar.com\/avatar\/65d9b30d31695924aaa70eb7e1416a3c?s=96&d=mm&r=g","contentUrl":"https:\/\/secure.gravatar.com\/avatar\/65d9b30d31695924aaa70eb7e1416a3c?s=96&d=mm&r=g","caption":"Developer"},"sameAs":["http:\/\/www.casaluminium.com"],"url":"https:\/\/www.casaluminium.com\/de\/blog\/author\/developer\/"}]}},"_links":{"self":[{"href":"https:\/\/www.casaluminium.com\/de\/wp-json\/wp\/v2\/posts\/38517","targetHints":{"allow":["GET"]}}],"collection":[{"href":"https:\/\/www.casaluminium.com\/de\/wp-json\/wp\/v2\/posts"}],"about":[{"href":"https:\/\/www.casaluminium.com\/de\/wp-json\/wp\/v2\/types\/post"}],"author":[{"embeddable":true,"href":"https:\/\/www.casaluminium.com\/de\/wp-json\/wp\/v2\/users\/1"}],"replies":[{"embeddable":true,"href":"https:\/\/www.casaluminium.com\/de\/wp-json\/wp\/v2\/comments?post=38517"}],"version-history":[{"count":7,"href":"https:\/\/www.casaluminium.com\/de\/wp-json\/wp\/v2\/posts\/38517\/revisions"}],"predecessor-version":[{"id":39573,"href":"https:\/\/www.casaluminium.com\/de\/wp-json\/wp\/v2\/posts\/38517\/revisions\/39573"}],"wp:featuredmedia":[{"embeddable":true,"href":"https:\/\/www.casaluminium.com\/de\/wp-json\/wp\/v2\/media\/38520"}],"wp:attachment":[{"href":"https:\/\/www.casaluminium.com\/de\/wp-json\/wp\/v2\/media?parent=38517"}],"wp:term":[{"taxonomy":"category","embeddable":true,"href":"https:\/\/www.casaluminium.com\/de\/wp-json\/wp\/v2\/categories?post=38517"},{"taxonomy":"post_tag","embeddable":true,"href":"https:\/\/www.casaluminium.com\/de\/wp-json\/wp\/v2\/tags?post=38517"}],"curies":[{"name":"wp","href":"https:\/\/api.w.org\/{rel}","templated":true}]}}