{"id":35460,"date":"2023-12-15T11:59:00","date_gmt":"2023-12-15T10:59:00","guid":{"rendered":"https:\/\/www.casaluminium.com\/de\/?p=35460"},"modified":"2024-05-31T06:53:54","modified_gmt":"2024-05-31T04:53:54","slug":"casal-aluminium-wird-vom-19-bis-23-februar-2024-auf-der-rt-in-stuttgart-vertreten-sein","status":"publish","type":"post","link":"https:\/\/www.casaluminium.com\/de\/blog\/2023\/12\/15\/casal-aluminium-wird-vom-19-bis-23-februar-2024-auf-der-rt-in-stuttgart-vertreten-sein\/","title":{"rendered":"Casal Aluminium wird vom 19. bis 23. Februar 2024 auf der R+T in Stuttgart vertreten sein"},"content":{"rendered":"\r\n<p><strong>Casal Aluminium<\/strong> nimmt an der <strong>B2B<\/strong> <a href=\"https:\/\/www.messe-stuttgart.de\/r-t\/en\/\" target=\"_blank\" rel=\"noopener\">R+T<\/a> Messe teil, die vom 19. bis 23. Februar 2024 in stattfindet <strong>Stoccarda, Germania.<\/strong><\/p>\r\n\r\n\r\n\r\n<p><strong>Die R+T<\/strong> ist die wichtigste <strong>internationale Messe<\/strong> f\u00fcr <strong>Sonnenschutzsysteme, T\u00fcren, Tore<\/strong> und <strong>Rolll\u00e4den<\/strong>. Sie findet alle drei Jahre auf dem Messegel\u00e4nde von statt <strong>Stoccarda, in Germania.\u00a0<\/strong><\/p>\r\n\r\n\r\n\r\n<p><strong>Stand:<\/strong> 5C11<\/p>\r\n\r\n\r\n\r\n<figure class=\"wp-block-image size-full is-resized\"><img fetchpriority=\"high\" decoding=\"async\" width=\"695\" height=\"89\" class=\"wp-image-38509\" style=\"width: 841px; height: auto;\" src=\"https:\/\/www.casaluminium.com\/de\/wp-content\/uploads\/sites\/3\/2024\/04\/RT-1.jpg\" alt=\"\" srcset=\"https:\/\/www.casaluminium.com\/de\/wp-content\/uploads\/sites\/3\/2024\/04\/RT-1.jpg 695w, https:\/\/www.casaluminium.com\/de\/wp-content\/uploads\/sites\/3\/2024\/04\/RT-1-300x38.jpg 300w, https:\/\/www.casaluminium.com\/de\/wp-content\/uploads\/sites\/3\/2024\/04\/RT-1-370x47.jpg 370w, https:\/\/www.casaluminium.com\/de\/wp-content\/uploads\/sites\/3\/2024\/04\/RT-1-410x53.jpg 410w\" sizes=\"(max-width: 695px) 100vw, 695px\" \/><\/figure>\r\n\r\n\r\n\r\n<div class=\"wp-block-spacer\" style=\"height: 20px;\" aria-hidden=\"true\">\u00a0<\/div>\r\n","protected":false},"excerpt":{"rendered":"<p>Casal Aluminium nimmt an der B2B R+T Messe teil, die vom 19. bis 23. Februar 2024 in stattfindet Stoccarda, Germania. Die R+T ist die wichtigste internationale Messe f\u00fcr Sonnenschutzsysteme, T\u00fcren, Tore und Rolll\u00e4den. Sie findet alle drei Jahre auf dem Messegel\u00e4nde von statt Stoccarda, in Germania.\u00a0 Stand: 5C11<\/p>\n","protected":false},"author":1,"featured_media":38504,"comment_status":"open","ping_status":"open","sticky":false,"template":"","format":"standard","meta":{"_acf_changed":false,"footnotes":""},"categories":[226,1],"tags":[],"class_list":["post-35460","post","type-post","status-publish","format-standard","has-post-thumbnail","hentry","category-fiere","category-comunicazioni"],"acf":[],"yoast_head":"<!-- This site is optimized with the Yoast SEO plugin v22.8 - https:\/\/yoast.com\/wordpress\/plugins\/seo\/ -->\n<title>Casal Aluminium wird vom 19. bis 23. Februar 2024 auf der R+T in Stuttgart vertreten sein - Casal Alumunium DE<\/title>\n<meta name=\"robots\" content=\"index, follow, max-snippet:-1, max-image-preview:large, max-video-preview:-1\" \/>\n<link rel=\"canonical\" href=\"https:\/\/www.casaluminium.com\/de\/blog\/2023\/12\/15\/casal-aluminium-wird-vom-19-bis-23-februar-2024-auf-der-rt-in-stuttgart-vertreten-sein\/\" \/>\n<meta property=\"og:locale\" content=\"de_DE\" \/>\n<meta property=\"og:type\" content=\"article\" \/>\n<meta property=\"og:title\" content=\"Casal Aluminium wird vom 19. bis 23. Februar 2024 auf der R+T in Stuttgart vertreten sein - Casal Alumunium DE\" \/>\n<meta property=\"og:description\" content=\"Casal Aluminium nimmt an der B2B R+T Messe teil, die vom 19. bis 23. Februar 2024 in stattfindet Stoccarda, Germania. Die R+T ist die wichtigste internationale Messe f\u00fcr Sonnenschutzsysteme, T\u00fcren, Tore und Rolll\u00e4den. Sie findet alle drei Jahre auf dem Messegel\u00e4nde von statt Stoccarda, in Germania.\u00a0 Stand: 5C11\" \/>\n<meta property=\"og:url\" content=\"https:\/\/www.casaluminium.com\/de\/blog\/2023\/12\/15\/casal-aluminium-wird-vom-19-bis-23-februar-2024-auf-der-rt-in-stuttgart-vertreten-sein\/\" \/>\n<meta property=\"og:site_name\" content=\"Casal Alumunium DE\" \/>\n<meta property=\"article:published_time\" content=\"2023-12-15T10:59:00+00:00\" \/>\n<meta property=\"article:modified_time\" content=\"2024-05-31T04:53:54+00:00\" \/>\n<meta property=\"og:image\" content=\"http:\/\/www.casaluminium.com\/de\/wp-content\/uploads\/sites\/3\/2024\/02\/fiera-rt.jpg\" \/>\n\t<meta property=\"og:image:width\" content=\"1000\" \/>\n\t<meta property=\"og:image:height\" content=\"561\" \/>\n\t<meta property=\"og:image:type\" content=\"image\/jpeg\" \/>\n<meta name=\"author\" content=\"Developer\" \/>\n<meta name=\"twitter:card\" content=\"summary_large_image\" \/>\n<meta name=\"twitter:label1\" content=\"Verfasst von\" \/>\n\t<meta name=\"twitter:data1\" content=\"Developer\" \/>\n\t<meta name=\"twitter:label2\" content=\"Gesch\u00e4tzte Lesezeit\" \/>\n\t<meta name=\"twitter:data2\" content=\"1\u00a0Minute\" \/>\n<script type=\"application\/ld+json\" class=\"yoast-schema-graph\">{\"@context\":\"https:\/\/schema.org\",\"@graph\":[{\"@type\":\"WebPage\",\"@id\":\"https:\/\/www.casaluminium.com\/de\/blog\/2023\/12\/15\/casal-aluminium-wird-vom-19-bis-23-februar-2024-auf-der-rt-in-stuttgart-vertreten-sein\/\",\"url\":\"https:\/\/www.casaluminium.com\/de\/blog\/2023\/12\/15\/casal-aluminium-wird-vom-19-bis-23-februar-2024-auf-der-rt-in-stuttgart-vertreten-sein\/\",\"name\":\"Casal Aluminium wird vom 19. bis 23. Februar 2024 auf der R+T in Stuttgart vertreten sein - Casal Alumunium DE\",\"isPartOf\":{\"@id\":\"https:\/\/www.casaluminium.com\/de\/#website\"},\"primaryImageOfPage\":{\"@id\":\"https:\/\/www.casaluminium.com\/de\/blog\/2023\/12\/15\/casal-aluminium-wird-vom-19-bis-23-februar-2024-auf-der-rt-in-stuttgart-vertreten-sein\/#primaryimage\"},\"image\":{\"@id\":\"https:\/\/www.casaluminium.com\/de\/blog\/2023\/12\/15\/casal-aluminium-wird-vom-19-bis-23-februar-2024-auf-der-rt-in-stuttgart-vertreten-sein\/#primaryimage\"},\"thumbnailUrl\":\"https:\/\/www.casaluminium.com\/de\/wp-content\/uploads\/sites\/3\/2024\/02\/fiera-rt.jpg\",\"datePublished\":\"2023-12-15T10:59:00+00:00\",\"dateModified\":\"2024-05-31T04:53:54+00:00\",\"author\":{\"@id\":\"https:\/\/www.casaluminium.com\/de\/#\/schema\/person\/a029853b46a9b26d7a9d562bde4ba780\"},\"breadcrumb\":{\"@id\":\"https:\/\/www.casaluminium.com\/de\/blog\/2023\/12\/15\/casal-aluminium-wird-vom-19-bis-23-februar-2024-auf-der-rt-in-stuttgart-vertreten-sein\/#breadcrumb\"},\"inLanguage\":\"de\",\"potentialAction\":[{\"@type\":\"ReadAction\",\"target\":[\"https:\/\/www.casaluminium.com\/de\/blog\/2023\/12\/15\/casal-aluminium-wird-vom-19-bis-23-februar-2024-auf-der-rt-in-stuttgart-vertreten-sein\/\"]}]},{\"@type\":\"ImageObject\",\"inLanguage\":\"de\",\"@id\":\"https:\/\/www.casaluminium.com\/de\/blog\/2023\/12\/15\/casal-aluminium-wird-vom-19-bis-23-februar-2024-auf-der-rt-in-stuttgart-vertreten-sein\/#primaryimage\",\"url\":\"https:\/\/www.casaluminium.com\/de\/wp-content\/uploads\/sites\/3\/2024\/02\/fiera-rt.jpg\",\"contentUrl\":\"https:\/\/www.casaluminium.com\/de\/wp-content\/uploads\/sites\/3\/2024\/02\/fiera-rt.jpg\",\"width\":1000,\"height\":561,\"caption\":\"xr:d:DAGCTIBz9Jo:5,j:511583298560822386,t:24041312\"},{\"@type\":\"BreadcrumbList\",\"@id\":\"https:\/\/www.casaluminium.com\/de\/blog\/2023\/12\/15\/casal-aluminium-wird-vom-19-bis-23-februar-2024-auf-der-rt-in-stuttgart-vertreten-sein\/#breadcrumb\",\"itemListElement\":[{\"@type\":\"ListItem\",\"position\":1,\"name\":\"Home\",\"item\":\"https:\/\/www.casaluminium.com\/de\/\"},{\"@type\":\"ListItem\",\"position\":2,\"name\":\"Casal Aluminium wird vom 19. bis 23. Februar 2024 auf der R+T in Stuttgart vertreten sein\"}]},{\"@type\":\"WebSite\",\"@id\":\"https:\/\/www.casaluminium.com\/de\/#website\",\"url\":\"https:\/\/www.casaluminium.com\/de\/\",\"name\":\"Casal Alumunium DE\",\"description\":\"Estrusi in Alluminio | Casal Aluminium\",\"potentialAction\":[{\"@type\":\"SearchAction\",\"target\":{\"@type\":\"EntryPoint\",\"urlTemplate\":\"https:\/\/www.casaluminium.com\/de\/?s={search_term_string}\"},\"query-input\":\"required name=search_term_string\"}],\"inLanguage\":\"de\"},{\"@type\":\"Person\",\"@id\":\"https:\/\/www.casaluminium.com\/de\/#\/schema\/person\/a029853b46a9b26d7a9d562bde4ba780\",\"name\":\"Developer\",\"image\":{\"@type\":\"ImageObject\",\"inLanguage\":\"de\",\"@id\":\"https:\/\/www.casaluminium.com\/de\/#\/schema\/person\/image\/\",\"url\":\"https:\/\/secure.gravatar.com\/avatar\/65d9b30d31695924aaa70eb7e1416a3c?s=96&d=mm&r=g\",\"contentUrl\":\"https:\/\/secure.gravatar.com\/avatar\/65d9b30d31695924aaa70eb7e1416a3c?s=96&d=mm&r=g\",\"caption\":\"Developer\"},\"sameAs\":[\"http:\/\/www.casaluminium.com\"],\"url\":\"https:\/\/www.casaluminium.com\/de\/blog\/author\/developer\/\"}]}<\/script>\n<!-- \/ Yoast SEO plugin. -->","yoast_head_json":{"title":"Casal Aluminium wird vom 19. bis 23. Februar 2024 auf der R+T in Stuttgart vertreten sein - Casal Alumunium DE","robots":{"index":"index","follow":"follow","max-snippet":"max-snippet:-1","max-image-preview":"max-image-preview:large","max-video-preview":"max-video-preview:-1"},"canonical":"https:\/\/www.casaluminium.com\/de\/blog\/2023\/12\/15\/casal-aluminium-wird-vom-19-bis-23-februar-2024-auf-der-rt-in-stuttgart-vertreten-sein\/","og_locale":"de_DE","og_type":"article","og_title":"Casal Aluminium wird vom 19. bis 23. Februar 2024 auf der R+T in Stuttgart vertreten sein - Casal Alumunium DE","og_description":"Casal Aluminium nimmt an der B2B R+T Messe teil, die vom 19. bis 23. Februar 2024 in stattfindet Stoccarda, Germania. Die R+T ist die wichtigste internationale Messe f\u00fcr Sonnenschutzsysteme, T\u00fcren, Tore und Rolll\u00e4den. Sie findet alle drei Jahre auf dem Messegel\u00e4nde von statt Stoccarda, in Germania.\u00a0 Stand: 5C11","og_url":"https:\/\/www.casaluminium.com\/de\/blog\/2023\/12\/15\/casal-aluminium-wird-vom-19-bis-23-februar-2024-auf-der-rt-in-stuttgart-vertreten-sein\/","og_site_name":"Casal Alumunium DE","article_published_time":"2023-12-15T10:59:00+00:00","article_modified_time":"2024-05-31T04:53:54+00:00","og_image":[{"width":1000,"height":561,"url":"http:\/\/www.casaluminium.com\/de\/wp-content\/uploads\/sites\/3\/2024\/02\/fiera-rt.jpg","type":"image\/jpeg"}],"author":"Developer","twitter_card":"summary_large_image","twitter_misc":{"Verfasst von":"Developer","Gesch\u00e4tzte Lesezeit":"1\u00a0Minute"},"schema":{"@context":"https:\/\/schema.org","@graph":[{"@type":"WebPage","@id":"https:\/\/www.casaluminium.com\/de\/blog\/2023\/12\/15\/casal-aluminium-wird-vom-19-bis-23-februar-2024-auf-der-rt-in-stuttgart-vertreten-sein\/","url":"https:\/\/www.casaluminium.com\/de\/blog\/2023\/12\/15\/casal-aluminium-wird-vom-19-bis-23-februar-2024-auf-der-rt-in-stuttgart-vertreten-sein\/","name":"Casal Aluminium wird vom 19. bis 23. Februar 2024 auf der R+T in Stuttgart vertreten sein - Casal Alumunium DE","isPartOf":{"@id":"https:\/\/www.casaluminium.com\/de\/#website"},"primaryImageOfPage":{"@id":"https:\/\/www.casaluminium.com\/de\/blog\/2023\/12\/15\/casal-aluminium-wird-vom-19-bis-23-februar-2024-auf-der-rt-in-stuttgart-vertreten-sein\/#primaryimage"},"image":{"@id":"https:\/\/www.casaluminium.com\/de\/blog\/2023\/12\/15\/casal-aluminium-wird-vom-19-bis-23-februar-2024-auf-der-rt-in-stuttgart-vertreten-sein\/#primaryimage"},"thumbnailUrl":"https:\/\/www.casaluminium.com\/de\/wp-content\/uploads\/sites\/3\/2024\/02\/fiera-rt.jpg","datePublished":"2023-12-15T10:59:00+00:00","dateModified":"2024-05-31T04:53:54+00:00","author":{"@id":"https:\/\/www.casaluminium.com\/de\/#\/schema\/person\/a029853b46a9b26d7a9d562bde4ba780"},"breadcrumb":{"@id":"https:\/\/www.casaluminium.com\/de\/blog\/2023\/12\/15\/casal-aluminium-wird-vom-19-bis-23-februar-2024-auf-der-rt-in-stuttgart-vertreten-sein\/#breadcrumb"},"inLanguage":"de","potentialAction":[{"@type":"ReadAction","target":["https:\/\/www.casaluminium.com\/de\/blog\/2023\/12\/15\/casal-aluminium-wird-vom-19-bis-23-februar-2024-auf-der-rt-in-stuttgart-vertreten-sein\/"]}]},{"@type":"ImageObject","inLanguage":"de","@id":"https:\/\/www.casaluminium.com\/de\/blog\/2023\/12\/15\/casal-aluminium-wird-vom-19-bis-23-februar-2024-auf-der-rt-in-stuttgart-vertreten-sein\/#primaryimage","url":"https:\/\/www.casaluminium.com\/de\/wp-content\/uploads\/sites\/3\/2024\/02\/fiera-rt.jpg","contentUrl":"https:\/\/www.casaluminium.com\/de\/wp-content\/uploads\/sites\/3\/2024\/02\/fiera-rt.jpg","width":1000,"height":561,"caption":"xr:d:DAGCTIBz9Jo:5,j:511583298560822386,t:24041312"},{"@type":"BreadcrumbList","@id":"https:\/\/www.casaluminium.com\/de\/blog\/2023\/12\/15\/casal-aluminium-wird-vom-19-bis-23-februar-2024-auf-der-rt-in-stuttgart-vertreten-sein\/#breadcrumb","itemListElement":[{"@type":"ListItem","position":1,"name":"Home","item":"https:\/\/www.casaluminium.com\/de\/"},{"@type":"ListItem","position":2,"name":"Casal Aluminium wird vom 19. bis 23. Februar 2024 auf der R+T in Stuttgart vertreten sein"}]},{"@type":"WebSite","@id":"https:\/\/www.casaluminium.com\/de\/#website","url":"https:\/\/www.casaluminium.com\/de\/","name":"Casal Alumunium DE","description":"Estrusi in Alluminio | Casal Aluminium","potentialAction":[{"@type":"SearchAction","target":{"@type":"EntryPoint","urlTemplate":"https:\/\/www.casaluminium.com\/de\/?s={search_term_string}"},"query-input":"required name=search_term_string"}],"inLanguage":"de"},{"@type":"Person","@id":"https:\/\/www.casaluminium.com\/de\/#\/schema\/person\/a029853b46a9b26d7a9d562bde4ba780","name":"Developer","image":{"@type":"ImageObject","inLanguage":"de","@id":"https:\/\/www.casaluminium.com\/de\/#\/schema\/person\/image\/","url":"https:\/\/secure.gravatar.com\/avatar\/65d9b30d31695924aaa70eb7e1416a3c?s=96&d=mm&r=g","contentUrl":"https:\/\/secure.gravatar.com\/avatar\/65d9b30d31695924aaa70eb7e1416a3c?s=96&d=mm&r=g","caption":"Developer"},"sameAs":["http:\/\/www.casaluminium.com"],"url":"https:\/\/www.casaluminium.com\/de\/blog\/author\/developer\/"}]}},"_links":{"self":[{"href":"https:\/\/www.casaluminium.com\/de\/wp-json\/wp\/v2\/posts\/35460","targetHints":{"allow":["GET"]}}],"collection":[{"href":"https:\/\/www.casaluminium.com\/de\/wp-json\/wp\/v2\/posts"}],"about":[{"href":"https:\/\/www.casaluminium.com\/de\/wp-json\/wp\/v2\/types\/post"}],"author":[{"embeddable":true,"href":"https:\/\/www.casaluminium.com\/de\/wp-json\/wp\/v2\/users\/1"}],"replies":[{"embeddable":true,"href":"https:\/\/www.casaluminium.com\/de\/wp-json\/wp\/v2\/comments?post=35460"}],"version-history":[{"count":16,"href":"https:\/\/www.casaluminium.com\/de\/wp-json\/wp\/v2\/posts\/35460\/revisions"}],"predecessor-version":[{"id":40065,"href":"https:\/\/www.casaluminium.com\/de\/wp-json\/wp\/v2\/posts\/35460\/revisions\/40065"}],"wp:featuredmedia":[{"embeddable":true,"href":"https:\/\/www.casaluminium.com\/de\/wp-json\/wp\/v2\/media\/38504"}],"wp:attachment":[{"href":"https:\/\/www.casaluminium.com\/de\/wp-json\/wp\/v2\/media?parent=35460"}],"wp:term":[{"taxonomy":"category","embeddable":true,"href":"https:\/\/www.casaluminium.com\/de\/wp-json\/wp\/v2\/categories?post=35460"},{"taxonomy":"post_tag","embeddable":true,"href":"https:\/\/www.casaluminium.com\/de\/wp-json\/wp\/v2\/tags?post=35460"}],"curies":[{"name":"wp","href":"https:\/\/api.w.org\/{rel}","templated":true}]}}